{"id":8614,"date":"2022-06-22T12:30:25","date_gmt":"2022-06-22T10:30:25","guid":{"rendered":"https:\/\/amicale-paneuropean.com\/site\/?p=8614&#038;preview=true&#038;preview_id=8614"},"modified":"2022-06-22T12:40:57","modified_gmt":"2022-06-22T10:40:57","slug":"hommage-a-jean-marie-guittard","status":"publish","type":"post","link":"https:\/\/amicale-paneuropean.com\/site\/2022\/06\/22\/hommage-a-jean-marie-guittard\/","title":{"rendered":"Hommage \u00e0 Jean-Marie GUITTARD"},"content":{"rendered":"<p>Hommage de l\u2019Amicale \u00e0 Jean-Marie GUITTARD, ancien amicaliste, d\u00e9c\u00e9d\u00e9 le lundi 13 juin 2022, \u00e0 l&#8217;\u00e2ge de 73 ans.<br \/>\nNous apportons tous notre r\u00e9confort \u00e0 Marie-Fran\u00e7oise, son \u00e9pouse depuis 47 ans. Ils vivaient dans le Cher depuis 2 ans pour leur retraite. Jean-Marie, n\u00e9 en aout 1949, \u00e9tait informaticien de m\u00e9tier et ancien amicaliste, qui \u00e0 particip\u00e9 activement \u00e0 la vie de de l\u2019amicale sous le pseudonyme de \u00ab Panguitou \u00bb; il a \u00e9t\u00e9 un des webmasters de l\u2019amicale de 2006 \u00e0 2010 et Pr\u00e9sident de l\u2019Amicale 2007 \u00e0 2008. Tous les amicalistes qui l\u2019ont connu se rappelleront sa chaleureuse compagnie et des meilleurs moments au cours des balades, des AG et des pan Gathering. Nous lui souhaitons un beau et grand voyage vers l\u2019infini.<br \/>\nToutes nos condol\u00e9ances \u00e0 Marie-Fran\u00e7oise, leurs enfants et leur famille.<br \/>\nPan-Amicalement<\/p>\n<p>le Pr\u00e9sident pour le CA et L\u2019Amicale Pan-Europ\u00e9an.<\/p>\n","protected":false},"excerpt":{"rendered":"<p>Hommage de l\u2019Amicale \u00e0 Jean-Marie GUITTARD, ancien amicaliste, d\u00e9c\u00e9d\u00e9 le lundi 13 juin 2022, \u00e0 l&#8217;\u00e2ge de 73 ans. Nous apportons tous notre r\u00e9confort \u00e0 Marie-Fran\u00e7oise, son \u00e9pouse depuis 47 ans. Ils vivaient dans le Cher depuis 2 ans pour leur retraite. Jean-Marie, n\u00e9 en aout 1949, \u00e9tait informaticien de m\u00e9tier [&hellip;]<\/p>\n","protected":false},"author":129,"featured_media":0,"comment_status":"open","ping_status":"open","sticky":false,"template":"","format":"standard","meta":{"_acf_changed":false,"footnotes":""},"categories":[215],"tags":[],"class_list":["post-8614","post","type-post","status-publish","format-standard","hentry","category-actualites"],"acf":[],"_links":{"self":[{"href":"https:\/\/amicale-paneuropean.com\/site\/wp-json\/wp\/v2\/posts\/8614","targetHints":{"allow":["GET"]}}],"collection":[{"href":"https:\/\/amicale-paneuropean.com\/site\/wp-json\/wp\/v2\/posts"}],"about":[{"href":"https:\/\/amicale-paneuropean.com\/site\/wp-json\/wp\/v2\/types\/post"}],"author":[{"embeddable":true,"href":"https:\/\/amicale-paneuropean.com\/site\/wp-json\/wp\/v2\/users\/129"}],"replies":[{"embeddable":true,"href":"https:\/\/amicale-paneuropean.com\/site\/wp-json\/wp\/v2\/comments?post=8614"}],"version-history":[{"count":4,"href":"https:\/\/amicale-paneuropean.com\/site\/wp-json\/wp\/v2\/posts\/8614\/revisions"}],"predecessor-version":[{"id":8619,"href":"https:\/\/amicale-paneuropean.com\/site\/wp-json\/wp\/v2\/posts\/8614\/revisions\/8619"}],"wp:attachment":[{"href":"https:\/\/amicale-paneuropean.com\/site\/wp-json\/wp\/v2\/media?parent=8614"}],"wp:term":[{"taxonomy":"category","embeddable":true,"href":"https:\/\/amicale-paneuropean.com\/site\/wp-json\/wp\/v2\/categories?post=8614"},{"taxonomy":"post_tag","embeddable":true,"href":"https:\/\/amicale-paneuropean.com\/site\/wp-json\/wp\/v2\/tags?post=8614"}],"curies":[{"name":"wp","href":"https:\/\/api.w.org\/{rel}","templated":true}]}}