{"id":9720,"date":"2024-01-19T17:42:50","date_gmt":"2024-01-19T16:42:50","guid":{"rendered":"https:\/\/amicale-paneuropean.com\/site\/?p=9720"},"modified":"2024-02-09T22:24:47","modified_gmt":"2024-02-09T21:24:47","slug":"pan-info-n89-de-janvier-2024","status":"publish","type":"post","link":"https:\/\/amicale-paneuropean.com\/site\/2024\/01\/19\/pan-info-n89-de-janvier-2024\/","title":{"rendered":"Pan Info n\u00b089 de Janvier 2024"},"content":{"rendered":"<p>Bonjour \u00e0 tous,<\/p>\n<p>Le pan Info du nouveau r\u00e9dacteur est en ligne, avec un beau sommaire:<\/p>\n<ul>\n<li>Rassemblement annuel \u00e0 La Londe-les-Maures<\/li>\n<li>Remerciement Michel Welsch<\/li>\n<li>Repas de fin d\u2019ann\u00e9e r\u00e9gion Rh\u00f4ne-Alpes<\/li>\n<li>Repas de fin d\u2019ann\u00e9e r\u00e9gion Bourgogne<\/li>\n<li>Repas de fin d\u2019ann\u00e9e r\u00e9gion Centre<\/li>\n<li>Dans le r\u00e9tro: la Honda Pacific Coast 800<\/li>\n<li>La PC800 de Georges<\/li>\n<\/ul>\n<p>Bravo \u00e0 notre nouveau r\u00e9dacteur en chef Jean Michel, et Bonne lecture!<\/p>\n<p>Rubrique \u201cl\u2019amicale =&gt; Nos publications =&gt; les Pan-info\u201d.<\/p>\n","protected":false},"excerpt":{"rendered":"<p>Bonjour \u00e0 tous, Le pan Info du nouveau r\u00e9dacteur est en ligne, avec un beau sommaire: Rassemblement annuel \u00e0 La Londe-les-Maures Remerciement Michel Welsch Repas de fin d\u2019ann\u00e9e r\u00e9gion Rh\u00f4ne-Alpes Repas de fin d\u2019ann\u00e9e r\u00e9gion Bourgogne Repas de fin d\u2019ann\u00e9e r\u00e9gion Centre Dans le r\u00e9tro: la Honda Pacific Coast 800 La [&hellip;]<\/p>\n","protected":false},"author":129,"featured_media":0,"comment_status":"open","ping_status":"open","sticky":false,"template":"","format":"standard","meta":{"_acf_changed":false,"footnotes":""},"categories":[215],"tags":[],"class_list":["post-9720","post","type-post","status-publish","format-standard","hentry","category-actualites"],"acf":[],"_links":{"self":[{"href":"https:\/\/amicale-paneuropean.com\/site\/wp-json\/wp\/v2\/posts\/9720","targetHints":{"allow":["GET"]}}],"collection":[{"href":"https:\/\/amicale-paneuropean.com\/site\/wp-json\/wp\/v2\/posts"}],"about":[{"href":"https:\/\/amicale-paneuropean.com\/site\/wp-json\/wp\/v2\/types\/post"}],"author":[{"embeddable":true,"href":"https:\/\/amicale-paneuropean.com\/site\/wp-json\/wp\/v2\/users\/129"}],"replies":[{"embeddable":true,"href":"https:\/\/amicale-paneuropean.com\/site\/wp-json\/wp\/v2\/comments?post=9720"}],"version-history":[{"count":2,"href":"https:\/\/amicale-paneuropean.com\/site\/wp-json\/wp\/v2\/posts\/9720\/revisions"}],"predecessor-version":[{"id":9769,"href":"https:\/\/amicale-paneuropean.com\/site\/wp-json\/wp\/v2\/posts\/9720\/revisions\/9769"}],"wp:attachment":[{"href":"https:\/\/amicale-paneuropean.com\/site\/wp-json\/wp\/v2\/media?parent=9720"}],"wp:term":[{"taxonomy":"category","embeddable":true,"href":"https:\/\/amicale-paneuropean.com\/site\/wp-json\/wp\/v2\/categories?post=9720"},{"taxonomy":"post_tag","embeddable":true,"href":"https:\/\/amicale-paneuropean.com\/site\/wp-json\/wp\/v2\/tags?post=9720"}],"curies":[{"name":"wp","href":"https:\/\/api.w.org\/{rel}","templated":true}]}}